{"id":760,"date":"2025-07-19T00:00:00","date_gmt":"2025-07-19T00:00:00","guid":{"rendered":"https:\/\/www.modaliabeauty.com\/2025\/07\/19\/comprender-y-tratar-el-dolor-del-cuero-cabelludo\/"},"modified":"2025-11-27T12:31:37","modified_gmt":"2025-11-27T12:31:37","slug":"comprender-y-tratar-el-dolor-del-cuero-cabelludo","status":"publish","type":"post","link":"https:\/\/www.modaliabeauty.com\/es\/2025\/07\/19\/comprender-y-tratar-el-dolor-del-cuero-cabelludo\/","title":{"rendered":"Comprender y tratar el dolor del cuero cabelludo"},"content":{"rendered":"<p>\u00bfTienes el cuero cabelludo sensible, te duele al tacto y no entiendes por qu\u00e9? Este dolor puede tener muchas causas, desde un simple peinado demasiado tirante hasta afecciones m\u00e9dicas espec\u00edficas como la dermatitis. Descubre en este art\u00edculo las causas m\u00e1s frecuentes de este tipo de dolor y soluciones pr\u00e1cticas para recuperar el confort y el bienestar.  <\/p>\n<p><img decoding=\"async\" alt=\"La frente de un hombre con manchas rojas y signos de calvicie.\" class=\"featured-image\" src=\"https:\/\/www.modaliabeauty.com\/wp-content\/uploads\/2025\/07\/s44uKU-kst-gCUNBkTwpK_2e95d3ea92a84ab782e56b79918dceb1-scaled.jpg\"><\/p>\n<h2>\u00bfQu\u00e9 es el dolor en el cuero cabelludo?<\/h2>\n<p>El dolor de cuero cabelludo es una sensibilidad inusual de la piel que cubre el cr\u00e1neo. Esta zona ricamente inervada puede volverse sensible al tacto o dolorosa incluso sin contacto directo. Las sensaciones pueden ir desde una simple molestia a un dolor m\u00e1s intenso, a veces acompa\u00f1ado de picor u hormigueo.  <\/p>\n<h2>Causas frecuentes de dolor en el cuero cabelludo<\/h2>\n<p>El dolor de cuero cabelludo puede estar desencadenado por muchos factores, tanto externos como internos. La sensibilidad en el nacimiento del pelo y las sensaciones dolorosas al tacto suelen estar relacionadas con una tensi\u00f3n excesiva, una infecci\u00f3n o problemas dermatol\u00f3gicos. Tambi\u00e9n puede ser un signo de desequilibrio hormonal o una reacci\u00f3n a determinados productos capilares.  <\/p>\n<h3>Factores externos<\/h3>\n<p>Las acciones cotidianas pueden ser la fuente de mucho dolor en el cuero cabelludo. El agua demasiado caliente de la ducha, por ejemplo, irrita y reseca la piel. Los residuos de productos capilares mal aclarados tambi\u00e9n se acumulan y crean irritaci\u00f3n.  <\/p>\n<p>Otros factores medioambientales tambi\u00e9n desempe\u00f1an un papel importante:<\/p>\n<ul><\/p>\n<li>La exposici\u00f3n al sol, al viento y al fr\u00edo debilita la barrera protectora del cuero cabelludo<\/li>\n<p><\/p>\n<li>La contaminaci\u00f3n se deposita en la piel y obstruye los poros<\/li>\n<p><\/p>\n<li>El roce repetido (sombreros apretados, cascos) puede desencadenar hipersensibilidad.<\/li>\n<p><\/ul>\n<p>Para calmar la inflamaci\u00f3n, opta por tratamientos suaves y aclara con agua fr\u00eda. Adem\u00e1s, espacia los tratamientos cosm\u00e9ticos para que el cuero cabelludo respire. En caso de sensibilidad persistente, evita los champ\u00fas con tensioactivos detergentes, que pueden da\u00f1ar la pel\u00edcula protectora natural de la piel.  <\/p>\n<h3>Factores internos<\/h3>\n<p>Tu propio cuerpo puede ser responsable del dolor del cuero cabelludo. Son los llamados factores internos. <\/p>\n<p>La tensi\u00f3n muscular es una causa muy frecuente. Cuando est\u00e1s estresado o mantienes la misma postura durante mucho tiempo, tus m\u00fasculos se tensan. Esta tensi\u00f3n se extiende al cuero cabelludo y provoca un dolor generalizado.  <\/p>\n<p>Los problemas cut\u00e1neos tambi\u00e9n desempe\u00f1an un papel importante. La psoriasis y la dermatitis seborreica pueden hacer que tu cuero cabelludo est\u00e9 enrojecido, sensible y dolorido. Estas afecciones crean una inflamaci\u00f3n que irrita la piel.  <\/p>\n<p>A veces el dolor procede del interior de tu cuerpo. Un trastorno tiroideo o una carencia de hierro pueden debilitar tu cabello y cuero cabelludo. En este caso, el dolor suele ir acompa\u00f1ado de ca\u00edda del cabello.  <\/p>\n<p>Las migra\u00f1as tambi\u00e9n pueden manifestarse como sensibilidad del cuero cabelludo. Durante un ataque, toda la zona se vuelve dolorosa al tacto. Esto es normal y desaparece con la migra\u00f1a.  <\/p>\n<p>Si experimentas un dolor persistente, habla con tu m\u00e9dico. Podr\u00e1 identificar la causa exacta y sugerir un tratamiento adecuado. Mientras tanto, evita cualquier cosa que pueda agravar el dolor, como los peinados tirantes.  <\/p>\n<h3>\u00bfPor qu\u00e9 me duele cuando me toco el cuero cabelludo?<\/h3>\n<p>La sensibilidad del cuero cabelludo al tacto no debe tomarse a la ligera. Esta zona es especialmente reactiva, con unos 2.500 receptores sensoriales por cent\u00edmetro cuadrado. Esta sensibilidad puede verse exacerbada por determinados factores externos, en particular el uso prolongado de cascos o gorras, que favorecen la transpiraci\u00f3n y crean una presi\u00f3n constante sobre el cuero cabelludo.  <\/p>\n<p>Esta hipersensibilidad puede manifestarse de distintas formas, que van desde una simple molestia a un verdadero dolor cuando se toca. El cuero cabelludo, rico en terminaciones nerviosas, puede volverse especialmente reactivo cuando se somete a una presi\u00f3n o irritaci\u00f3n prolongadas. <\/p>\n<p>Para aliviar estas molestias, es importante dejar que tu cuero cabelludo respire con regularidad, evitando llevar la cabeza cubierta durante demasiado tiempo. T\u00f3mate un tiempo para permitir que tu cuero cabelludo se relaje. Si el dolor persiste a pesar de estas precauciones, consulta a un profesional sanitario.  <\/p>\n<h3>\u00bfPor qu\u00e9 te duele el nacimiento del pelo?<\/h3>\n<p>El dolor en el nacimiento del pelo suele estar relacionado con la hipersensibilidad del cuero cabelludo. Esta sensibilidad se produce cuando se interrumpe la barrera protectora natural de nuestra piel. \u00bfCu\u00e1l es el resultado? Se producen microinflamaciones y las terminaciones nerviosas se vuelven m\u00e1s sensibles.   <\/p>\n<p>Varios factores pueden desencadenar esta hipersensibilidad. El estr\u00e9s desempe\u00f1a un papel importante, creando tensi\u00f3n muscular en el cr\u00e1neo. Las carencias de zinc o magnesio tambi\u00e9n pueden debilitar el cuero cabelludo. Por no hablar de los peinados demasiado apretados que tiran de los fol\u00edculos.   <\/p>\n<p>En algunos casos, el dolor puede ser se\u00f1al de una infecci\u00f3n como la foliculitis, que provoca la inflamaci\u00f3n de las ra\u00edces. El exceso de sebo tambi\u00e9n puede favorecer el desarrollo de hongos microsc\u00f3picos, fuente de dolor e irritaci\u00f3n. <\/p>\n<h3>Cuando me toco el cr\u00e1neo, me duele.<\/h3>\n<p>Si te duele el cuero cabelludo al tacto, suele deberse a un aumento de la sensibilidad de los numerosos receptores nerviosos de la zona. Esta sensibilidad puede tener varias causas: <\/p>\n<ul><\/p>\n<li>Una barrera cut\u00e1nea debilitada, que hace que tus c\u00e9lulas nerviosas sean m\u00e1s reactivas<\/li>\n<p><\/p>\n<li>Acumulaci\u00f3n de sebo o residuos de productos<\/li>\n<p><\/ul>\n<p>Para aliviar r\u00e1pidamente esta sensibilidad, algunos gestos sencillos pueden ayudar:<\/p>\n<ul><\/p>\n<li>Masajea suavemente tu cabeza en la ducha<\/li>\n<p><\/p>\n<li>Aclara bien para eliminar todos los residuos<\/li>\n<p><\/ul>\n<p>Si el dolor persiste durante m\u00e1s de unos d\u00edas o va acompa\u00f1ado de un enrojecimiento importante, consulta a un profesional sanitario. Una sensibilidad prolongada puede indicar un problema que requiere un tratamiento adecuado. <\/p>\n<h2>Tratamientos y remedios para aliviar el dolor<\/h2>\n<p>Existen varias soluciones para el dolor del cuero cabelludo, desde las m\u00e1s naturales hasta las m\u00e1s m\u00e9dicas. Los tratamientos var\u00edan seg\u00fan la causa identificada y pueden incluir cuidados locales, medicaci\u00f3n o cambios en tus h\u00e1bitos diarios. Descubramos juntos los enfoques m\u00e1s eficaces para recuperar un cuero cabelludo sano.  <\/p>\n<h3>Remedios caseros<\/h3>\n<p>Los remedios naturales ofrecen una soluci\u00f3n suave y accesible al dolor del cuero cabelludo. El aceite esencial de menta, por ejemplo, proporciona una sensaci\u00f3n refrescante inmediata cuando se aplica diluido en un aceite vegetal. Tambi\u00e9n la lavanda es famosa por sus propiedades calmantes. Para un tratamiento completo, el gel de aloe vera puro hace maravillas: basta con aplicarlo directamente sobre el cuero cabelludo y dejarlo actuar unos treinta minutos antes de aclarar.     <\/p>\n<p>Otro remedio eficaz es utilizar vinagre de sidra diluido como enjuague final despu\u00e9s del champ\u00fa. No s\u00f3lo alivia el picor, sino que tambi\u00e9n ayuda a reequilibrar el pH del cuero cabelludo. Para mayor comodidad, utiliza siempre champ\u00fas suaves sin sulfatos y evita utilizar agua demasiado caliente, que podr\u00eda irritar a\u00fan m\u00e1s el cuero cabelludo.  <\/p>\n","protected":false},"excerpt":{"rendered":"<p>\u00bfTienes el cuero cabelludo sensible, te duele al tacto y no entiendes por qu\u00e9? Este dolor puede tener muchas causas, desde un simple peinado demasiado tirante hasta afecciones m\u00e9dicas espec\u00edficas como la dermatitis. Descubre en este art\u00edculo las causas m\u00e1s frecuentes de este tipo de dolor y soluciones pr\u00e1cticas para recuperar el confort y el [&hellip;]<\/p>\n","protected":false},"author":1,"featured_media":761,"comment_status":"open","ping_status":"open","sticky":false,"template":"","format":"standard","meta":{"footnotes":""},"categories":[113],"tags":[],"class_list":["post-760","post","type-post","status-publish","format-standard","has-post-thumbnail","hentry","category-bienestar"],"yoast_head":"<!-- This site is optimized with the Yoast SEO plugin v24.5 - https:\/\/yoast.com\/wordpress\/plugins\/seo\/ -->\n<title>Comprender y tratar el dolor del cuero cabelludo - %<\/title>\n<meta name=\"robots\" content=\"index, follow, max-snippet:-1, max-image-preview:large, max-video-preview:-1\" \/>\n<link rel=\"canonical\" href=\"https:\/\/www.modaliabeauty.com\/es\/2025\/07\/19\/comprender-y-tratar-el-dolor-del-cuero-cabelludo\/\" \/>\n<meta property=\"og:locale\" content=\"es_ES\" \/>\n<meta property=\"og:type\" content=\"article\" \/>\n<meta property=\"og:title\" content=\"Comprender y tratar el dolor del cuero cabelludo - %\" \/>\n<meta property=\"og:description\" content=\"\u00bfTienes el cuero cabelludo sensible, te duele al tacto y no entiendes por qu\u00e9? Este dolor puede tener muchas causas, desde un simple peinado demasiado tirante hasta afecciones m\u00e9dicas espec\u00edficas como la dermatitis. Descubre en este art\u00edculo las causas m\u00e1s frecuentes de este tipo de dolor y soluciones pr\u00e1cticas para recuperar el confort y el [&hellip;]\" \/>\n<meta property=\"og:url\" content=\"https:\/\/www.modaliabeauty.com\/es\/2025\/07\/19\/comprender-y-tratar-el-dolor-del-cuero-cabelludo\/\" \/>\n<meta property=\"og:site_name\" content=\"ModaliaBelleza\" \/>\n<meta property=\"article:published_time\" content=\"2025-07-19T00:00:00+00:00\" \/>\n<meta property=\"article:modified_time\" content=\"2025-11-27T12:31:37+00:00\" \/>\n<meta property=\"og:image\" content=\"https:\/\/www.modaliabeauty.com\/wp-content\/uploads\/2025\/07\/s44uKU-kst-gCUNBkTwpK_2e95d3ea92a84ab782e56b79918dceb1-scaled.jpg\" \/>\n\t<meta property=\"og:image:width\" content=\"2560\" \/>\n\t<meta property=\"og:image:height\" content=\"1429\" \/>\n\t<meta property=\"og:image:type\" content=\"image\/jpeg\" \/>\n<meta name=\"author\" content=\"modaliabeauty\" \/>\n<meta name=\"twitter:card\" content=\"summary_large_image\" \/>\n<meta name=\"twitter:label1\" content=\"Escrito por\" \/>\n\t<meta name=\"twitter:data1\" content=\"modaliabeauty\" \/>\n\t<meta name=\"twitter:label2\" content=\"Tiempo de lectura\" \/>\n\t<meta name=\"twitter:data2\" content=\"6 minutos\" \/>\n<script type=\"application\/ld+json\" class=\"yoast-schema-graph\">{\"@context\":\"https:\/\/schema.org\",\"@graph\":[{\"@type\":\"WebPage\",\"@id\":\"https:\/\/www.modaliabeauty.com\/es\/2025\/07\/19\/comprender-y-tratar-el-dolor-del-cuero-cabelludo\/\",\"url\":\"https:\/\/www.modaliabeauty.com\/es\/2025\/07\/19\/comprender-y-tratar-el-dolor-del-cuero-cabelludo\/\",\"name\":\"Comprender y tratar el dolor del cuero cabelludo - %\",\"isPartOf\":{\"@id\":\"https:\/\/www.modaliabeauty.com\/es\/#website\"},\"primaryImageOfPage\":{\"@id\":\"https:\/\/www.modaliabeauty.com\/es\/2025\/07\/19\/comprender-y-tratar-el-dolor-del-cuero-cabelludo\/#primaryimage\"},\"image\":{\"@id\":\"https:\/\/www.modaliabeauty.com\/es\/2025\/07\/19\/comprender-y-tratar-el-dolor-del-cuero-cabelludo\/#primaryimage\"},\"thumbnailUrl\":\"https:\/\/www.modaliabeauty.com\/wp-content\/uploads\/2025\/07\/s44uKU-kst-gCUNBkTwpK_2e95d3ea92a84ab782e56b79918dceb1-scaled.jpg\",\"datePublished\":\"2025-07-19T00:00:00+00:00\",\"dateModified\":\"2025-11-27T12:31:37+00:00\",\"author\":{\"@id\":\"https:\/\/www.modaliabeauty.com\/es\/#\/schema\/person\/a8928f14ac18bcb71644bc4b521f10b9\"},\"breadcrumb\":{\"@id\":\"https:\/\/www.modaliabeauty.com\/es\/2025\/07\/19\/comprender-y-tratar-el-dolor-del-cuero-cabelludo\/#breadcrumb\"},\"inLanguage\":\"es\",\"potentialAction\":[{\"@type\":\"ReadAction\",\"target\":[\"https:\/\/www.modaliabeauty.com\/es\/2025\/07\/19\/comprender-y-tratar-el-dolor-del-cuero-cabelludo\/\"]}]},{\"@type\":\"ImageObject\",\"inLanguage\":\"es\",\"@id\":\"https:\/\/www.modaliabeauty.com\/es\/2025\/07\/19\/comprender-y-tratar-el-dolor-del-cuero-cabelludo\/#primaryimage\",\"url\":\"https:\/\/www.modaliabeauty.com\/wp-content\/uploads\/2025\/07\/s44uKU-kst-gCUNBkTwpK_2e95d3ea92a84ab782e56b79918dceb1-scaled.jpg\",\"contentUrl\":\"https:\/\/www.modaliabeauty.com\/wp-content\/uploads\/2025\/07\/s44uKU-kst-gCUNBkTwpK_2e95d3ea92a84ab782e56b79918dceb1-scaled.jpg\",\"width\":2560,\"height\":1429},{\"@type\":\"BreadcrumbList\",\"@id\":\"https:\/\/www.modaliabeauty.com\/es\/2025\/07\/19\/comprender-y-tratar-el-dolor-del-cuero-cabelludo\/#breadcrumb\",\"itemListElement\":[{\"@type\":\"ListItem\",\"position\":1,\"name\":\"Inicio\",\"item\":\"https:\/\/www.modaliabeauty.com\/es\/modaliabeauty\/\"},{\"@type\":\"ListItem\",\"position\":2,\"name\":\"Comprender y tratar el dolor del cuero cabelludo\"}]},{\"@type\":\"WebSite\",\"@id\":\"https:\/\/www.modaliabeauty.com\/es\/#website\",\"url\":\"https:\/\/www.modaliabeauty.com\/es\/\",\"name\":\"ModaliaBelleza\",\"description\":\"Mi blog de WordPress\",\"potentialAction\":[{\"@type\":\"SearchAction\",\"target\":{\"@type\":\"EntryPoint\",\"urlTemplate\":\"https:\/\/www.modaliabeauty.com\/es\/?s={search_term_string}\"},\"query-input\":{\"@type\":\"PropertyValueSpecification\",\"valueRequired\":true,\"valueName\":\"search_term_string\"}}],\"inLanguage\":\"es\"},{\"@type\":\"Person\",\"@id\":\"https:\/\/www.modaliabeauty.com\/es\/#\/schema\/person\/a8928f14ac18bcb71644bc4b521f10b9\",\"name\":\"modaliabeauty\",\"image\":{\"@type\":\"ImageObject\",\"inLanguage\":\"es\",\"@id\":\"https:\/\/www.modaliabeauty.com\/es\/#\/schema\/person\/image\/\",\"url\":\"https:\/\/secure.gravatar.com\/avatar\/190b88cc31688807ddcd920838742c5ed0949ff7fa6dc5d70a5bdfdf451d80bf?s=96&d=mm&r=g\",\"contentUrl\":\"https:\/\/secure.gravatar.com\/avatar\/190b88cc31688807ddcd920838742c5ed0949ff7fa6dc5d70a5bdfdf451d80bf?s=96&d=mm&r=g\",\"caption\":\"modaliabeauty\"},\"sameAs\":[\"https:\/\/www.modaliabeauty.com\"],\"url\":\"https:\/\/www.modaliabeauty.com\/es\/author\/modaliabeauty\/\"}]}<\/script>\n<!-- \/ Yoast SEO plugin. -->","yoast_head_json":{"title":"Comprender y tratar el dolor del cuero cabelludo - %","robots":{"index":"index","follow":"follow","max-snippet":"max-snippet:-1","max-image-preview":"max-image-preview:large","max-video-preview":"max-video-preview:-1"},"canonical":"https:\/\/www.modaliabeauty.com\/es\/2025\/07\/19\/comprender-y-tratar-el-dolor-del-cuero-cabelludo\/","og_locale":"es_ES","og_type":"article","og_title":"Comprender y tratar el dolor del cuero cabelludo - %","og_description":"\u00bfTienes el cuero cabelludo sensible, te duele al tacto y no entiendes por qu\u00e9? Este dolor puede tener muchas causas, desde un simple peinado demasiado tirante hasta afecciones m\u00e9dicas espec\u00edficas como la dermatitis. Descubre en este art\u00edculo las causas m\u00e1s frecuentes de este tipo de dolor y soluciones pr\u00e1cticas para recuperar el confort y el [&hellip;]","og_url":"https:\/\/www.modaliabeauty.com\/es\/2025\/07\/19\/comprender-y-tratar-el-dolor-del-cuero-cabelludo\/","og_site_name":"ModaliaBelleza","article_published_time":"2025-07-19T00:00:00+00:00","article_modified_time":"2025-11-27T12:31:37+00:00","og_image":[{"width":2560,"height":1429,"url":"https:\/\/www.modaliabeauty.com\/wp-content\/uploads\/2025\/07\/s44uKU-kst-gCUNBkTwpK_2e95d3ea92a84ab782e56b79918dceb1-scaled.jpg","type":"image\/jpeg"}],"author":"modaliabeauty","twitter_card":"summary_large_image","twitter_misc":{"Escrito por":"modaliabeauty","Tiempo de lectura":"6 minutos"},"schema":{"@context":"https:\/\/schema.org","@graph":[{"@type":"WebPage","@id":"https:\/\/www.modaliabeauty.com\/es\/2025\/07\/19\/comprender-y-tratar-el-dolor-del-cuero-cabelludo\/","url":"https:\/\/www.modaliabeauty.com\/es\/2025\/07\/19\/comprender-y-tratar-el-dolor-del-cuero-cabelludo\/","name":"Comprender y tratar el dolor del cuero cabelludo - %","isPartOf":{"@id":"https:\/\/www.modaliabeauty.com\/es\/#website"},"primaryImageOfPage":{"@id":"https:\/\/www.modaliabeauty.com\/es\/2025\/07\/19\/comprender-y-tratar-el-dolor-del-cuero-cabelludo\/#primaryimage"},"image":{"@id":"https:\/\/www.modaliabeauty.com\/es\/2025\/07\/19\/comprender-y-tratar-el-dolor-del-cuero-cabelludo\/#primaryimage"},"thumbnailUrl":"https:\/\/www.modaliabeauty.com\/wp-content\/uploads\/2025\/07\/s44uKU-kst-gCUNBkTwpK_2e95d3ea92a84ab782e56b79918dceb1-scaled.jpg","datePublished":"2025-07-19T00:00:00+00:00","dateModified":"2025-11-27T12:31:37+00:00","author":{"@id":"https:\/\/www.modaliabeauty.com\/es\/#\/schema\/person\/a8928f14ac18bcb71644bc4b521f10b9"},"breadcrumb":{"@id":"https:\/\/www.modaliabeauty.com\/es\/2025\/07\/19\/comprender-y-tratar-el-dolor-del-cuero-cabelludo\/#breadcrumb"},"inLanguage":"es","potentialAction":[{"@type":"ReadAction","target":["https:\/\/www.modaliabeauty.com\/es\/2025\/07\/19\/comprender-y-tratar-el-dolor-del-cuero-cabelludo\/"]}]},{"@type":"ImageObject","inLanguage":"es","@id":"https:\/\/www.modaliabeauty.com\/es\/2025\/07\/19\/comprender-y-tratar-el-dolor-del-cuero-cabelludo\/#primaryimage","url":"https:\/\/www.modaliabeauty.com\/wp-content\/uploads\/2025\/07\/s44uKU-kst-gCUNBkTwpK_2e95d3ea92a84ab782e56b79918dceb1-scaled.jpg","contentUrl":"https:\/\/www.modaliabeauty.com\/wp-content\/uploads\/2025\/07\/s44uKU-kst-gCUNBkTwpK_2e95d3ea92a84ab782e56b79918dceb1-scaled.jpg","width":2560,"height":1429},{"@type":"BreadcrumbList","@id":"https:\/\/www.modaliabeauty.com\/es\/2025\/07\/19\/comprender-y-tratar-el-dolor-del-cuero-cabelludo\/#breadcrumb","itemListElement":[{"@type":"ListItem","position":1,"name":"Inicio","item":"https:\/\/www.modaliabeauty.com\/es\/modaliabeauty\/"},{"@type":"ListItem","position":2,"name":"Comprender y tratar el dolor del cuero cabelludo"}]},{"@type":"WebSite","@id":"https:\/\/www.modaliabeauty.com\/es\/#website","url":"https:\/\/www.modaliabeauty.com\/es\/","name":"ModaliaBelleza","description":"Mi blog de WordPress","potentialAction":[{"@type":"SearchAction","target":{"@type":"EntryPoint","urlTemplate":"https:\/\/www.modaliabeauty.com\/es\/?s={search_term_string}"},"query-input":{"@type":"PropertyValueSpecification","valueRequired":true,"valueName":"search_term_string"}}],"inLanguage":"es"},{"@type":"Person","@id":"https:\/\/www.modaliabeauty.com\/es\/#\/schema\/person\/a8928f14ac18bcb71644bc4b521f10b9","name":"modaliabeauty","image":{"@type":"ImageObject","inLanguage":"es","@id":"https:\/\/www.modaliabeauty.com\/es\/#\/schema\/person\/image\/","url":"https:\/\/secure.gravatar.com\/avatar\/190b88cc31688807ddcd920838742c5ed0949ff7fa6dc5d70a5bdfdf451d80bf?s=96&d=mm&r=g","contentUrl":"https:\/\/secure.gravatar.com\/avatar\/190b88cc31688807ddcd920838742c5ed0949ff7fa6dc5d70a5bdfdf451d80bf?s=96&d=mm&r=g","caption":"modaliabeauty"},"sameAs":["https:\/\/www.modaliabeauty.com"],"url":"https:\/\/www.modaliabeauty.com\/es\/author\/modaliabeauty\/"}]}},"_links":{"self":[{"href":"https:\/\/www.modaliabeauty.com\/es\/wp-json\/wp\/v2\/posts\/760","targetHints":{"allow":["GET"]}}],"collection":[{"href":"https:\/\/www.modaliabeauty.com\/es\/wp-json\/wp\/v2\/posts"}],"about":[{"href":"https:\/\/www.modaliabeauty.com\/es\/wp-json\/wp\/v2\/types\/post"}],"author":[{"embeddable":true,"href":"https:\/\/www.modaliabeauty.com\/es\/wp-json\/wp\/v2\/users\/1"}],"replies":[{"embeddable":true,"href":"https:\/\/www.modaliabeauty.com\/es\/wp-json\/wp\/v2\/comments?post=760"}],"version-history":[{"count":1,"href":"https:\/\/www.modaliabeauty.com\/es\/wp-json\/wp\/v2\/posts\/760\/revisions"}],"predecessor-version":[{"id":782,"href":"https:\/\/www.modaliabeauty.com\/es\/wp-json\/wp\/v2\/posts\/760\/revisions\/782"}],"wp:featuredmedia":[{"embeddable":true,"href":"https:\/\/www.modaliabeauty.com\/es\/wp-json\/wp\/v2\/media\/761"}],"wp:attachment":[{"href":"https:\/\/www.modaliabeauty.com\/es\/wp-json\/wp\/v2\/media?parent=760"}],"wp:term":[{"taxonomy":"category","embeddable":true,"href":"https:\/\/www.modaliabeauty.com\/es\/wp-json\/wp\/v2\/categories?post=760"},{"taxonomy":"post_tag","embeddable":true,"href":"https:\/\/www.modaliabeauty.com\/es\/wp-json\/wp\/v2\/tags?post=760"}],"curies":[{"name":"wp","href":"https:\/\/api.w.org\/{rel}","templated":true}]}}