{"id":757,"date":"2025-07-18T00:00:00","date_gmt":"2025-07-18T00:00:00","guid":{"rendered":"https:\/\/www.modaliabeauty.com\/2025\/07\/18\/piel-del-rostro-granulada-causas-y-soluciones\/"},"modified":"2025-11-27T12:31:40","modified_gmt":"2025-11-27T12:31:40","slug":"piel-del-rostro-granulada-causas-y-soluciones","status":"publish","type":"post","link":"https:\/\/www.modaliabeauty.com\/es\/2025\/07\/18\/piel-del-rostro-granulada-causas-y-soluciones\/","title":{"rendered":"Piel del rostro granulada: causas y soluciones"},"content":{"rendered":"<p>\u00bfTu rostro se ha vuelto \u00e1spero, con molestas irregularidades? Averigua qu\u00e9 lo provoca y qu\u00e9 puedes hacer para recuperar una piel lisa y suave cada d\u00eda. <\/p>\n<p><img decoding=\"async\" alt=\"Primer plano del rostro de una mujer de ojos verdes, piel p\u00e1lida y pecas, sobre un fondo beige.\" class=\"featured-image\" src=\"https:\/\/www.modaliabeauty.com\/wp-content\/uploads\/2025\/07\/pTONgIMAXgb54U4yypoBh_d51edd2e457b4b34b503ff72942fbf6a-scaled.jpg\"><\/p>\n<h2>\u00bfPor qu\u00e9 tengo la cara granulada?<\/h2>\n<p>La piel granulosa no aparece porque s\u00ed. La zona T de tu rostro (frente, nariz, barbilla) se ve especialmente afectada, y no es casualidad: es donde se concentran m\u00e1s gl\u00e1ndulas seb\u00e1ceas. <\/p>\n<p>\u00bfEl principal culpable? A menudo, un desequilibrio hormonal que hace que estas gl\u00e1ndulas produzcan demasiado sebo. El resultado: poros obstruidos y piel desigual.  <\/p>\n<p>Otra causa frecuente es la queratosis pilar. En este caso, el exceso de queratina obstruye los fol\u00edculos pilosos. Forma peque\u00f1os granos y da esa sensaci\u00f3n \u00e1spera al tacto.  <\/p>\n<p>Hay otros factores que pueden empeorar la situaci\u00f3n:<\/p>\n<ul><\/p>\n<li>Una acumulaci\u00f3n de c\u00e9lulas muertas<\/li>\n<p><\/p>\n<li>Utilizar productos demasiado agresivos<\/li>\n<p><\/p>\n<li>Exposici\u00f3n prolongada a la contaminaci\u00f3n<\/li>\n<p><\/p>\n<li>Estr\u00e9s y mala alimentaci\u00f3n<\/li>\n<p><\/ul>\n<p>\u00bfLa buena noticia? Una vez identificada la causa, existen soluciones adecuadas para recuperar una piel tersa. <\/p>\n<h2>\u00bfC\u00f3mo puedo eliminar la textura irregular de la piel de mi cara?<\/h2>\n<p>Hay varias formas eficaces de recuperar una piel suave. Una rutina de cuidado de la piel adecuada, que combine una exfoliaci\u00f3n suave y una hidrataci\u00f3n intensa, puede producir resultados visibles. La elecci\u00f3n de los productos y una rutina regular de cuidado de la piel son las claves para decir adi\u00f3s a esa textura granulosa que te molesta.  <\/p>\n<h3>Rutina de cuidados adaptada<\/h3>\n<p>Empieza por desmaquillarte y limpiarte a fondo por la ma\u00f1ana y por la noche. Esto ayudar\u00e1 a evitar que los poros se obstruyan y aparezcan granos. T\u00f3mate tu tiempo con este paso, es realmente importante.  <\/p>\n<p>Para el resto de tu rutina, opta por dos tipos de productos de eficacia probada. En primer lugar, un exfoliante suave para ayudar a eliminar las c\u00e9lulas muertas superficiales. Elige uno con granos muy finos para no irritar la piel. A continuaci\u00f3n, una crema hidratante espec\u00edfica para nutrir en profundidad la epidermis. Estos dos productos act\u00faan juntos para suavizar gradualmente la textura de tu piel.    <\/p>\n<p>No lo olvides: la clave es ser regular y suave. Evita frotar demasiado fuerte o utilizar productos agresivos que podr\u00edan hacer m\u00e1s mal que bien. <\/p>\n<h3>Tratamientos profesionales<\/h3>\n<p>Los tratamientos de instituto y consulta m\u00e9dica ofrecen soluciones m\u00e1s avanzadas para la piel granulosa rebelde. El microneedling crea peque\u00f1as perforaciones que estimulan la renovaci\u00f3n natural de la piel. En general, se necesitan de 3 a 6 sesiones para ver resultados.  <\/p>\n<p>La terapia de luz LED es otra opci\u00f3n interesante. Seg\u00fan tus necesidades, se utilizan distintos colores: el rojo estimula el col\u00e1geno, el azul purifica y regula la piel grasa, el amarillo calma. Una sesi\u00f3n a la semana es suficiente.  <\/p>\n<p>Para un tratamiento completo, algunos institutos ofrecen tratamientos combinados. Por ejemplo, una sesi\u00f3n que combina microdermoabrasi\u00f3n y exfoliaci\u00f3n con \u00e1cidos frutales, seguida de un tratamiento hidratante intenso. Estos tratamientos profesionales son especialmente \u00fatiles cuando las soluciones caseras ya no son suficientes. No dudes en consultar a un dermat\u00f3logo para obtener un diagn\u00f3stico preciso, sobre todo si tu piel sigue granul\u00e1ndose a pesar de tus esfuerzos.   <\/p>\n<h2>Productos e ingredientes recomendados<\/h2>\n<p>Los productos adecuados marcan la diferencia cuando se trata de tratar la piel granulosa. Elige productos que contengan \u00e1cido salic\u00edlico o \u00e1cido glic\u00f3lico: estos ingredientes exfolian suavemente y mejoran la textura de la piel. El \u00e1cido hialur\u00f3nico y las ceramidas tambi\u00e9n son tus aliados, ya que hidratan y refuerzan la barrera cut\u00e1nea.  <\/p>\n<p>Elige s\u00f3lo productos no comedog\u00e9nicos, es decir, que no obstruyan los poros. La niacinamida es especialmente interesante: calma la piel a la vez que tiene una acci\u00f3n purificante y antiinflamatoria.   <\/p>\n<p>Pero ten cuidado de no utilizar demasiados productos exfoliantes. Una exfoliaci\u00f3n excesiva puede causar irritaci\u00f3n y empeorar la textura granulosa. Evita tambi\u00e9n los jabones demasiado agresivos que alteran el equilibrio natural de la piel.  <\/p>\n","protected":false},"excerpt":{"rendered":"<p>\u00bfTu rostro se ha vuelto \u00e1spero, con molestas irregularidades? Averigua qu\u00e9 lo provoca y qu\u00e9 puedes hacer para recuperar una piel lisa y suave cada d\u00eda. \u00bfPor qu\u00e9 tengo la cara granulada? La piel granulosa no aparece porque s\u00ed. La zona T de tu rostro (frente, nariz, barbilla) se ve especialmente afectada, y no es [&hellip;]<\/p>\n","protected":false},"author":1,"featured_media":758,"comment_status":"open","ping_status":"open","sticky":false,"template":"","format":"standard","meta":{"footnotes":""},"categories":[114],"tags":[],"class_list":["post-757","post","type-post","status-publish","format-standard","has-post-thumbnail","hentry","category-belleza"],"yoast_head":"<!-- This site is optimized with the Yoast SEO plugin v24.5 - https:\/\/yoast.com\/wordpress\/plugins\/seo\/ -->\n<title>Piel del rostro granulada: causas y soluciones - %<\/title>\n<meta name=\"robots\" content=\"index, follow, max-snippet:-1, max-image-preview:large, max-video-preview:-1\" \/>\n<link rel=\"canonical\" href=\"https:\/\/www.modaliabeauty.com\/es\/2025\/07\/18\/piel-del-rostro-granulada-causas-y-soluciones\/\" \/>\n<meta property=\"og:locale\" content=\"es_ES\" \/>\n<meta property=\"og:type\" content=\"article\" \/>\n<meta property=\"og:title\" content=\"Piel del rostro granulada: causas y soluciones - %\" \/>\n<meta property=\"og:description\" content=\"\u00bfTu rostro se ha vuelto \u00e1spero, con molestas irregularidades? Averigua qu\u00e9 lo provoca y qu\u00e9 puedes hacer para recuperar una piel lisa y suave cada d\u00eda. \u00bfPor qu\u00e9 tengo la cara granulada? La piel granulosa no aparece porque s\u00ed. La zona T de tu rostro (frente, nariz, barbilla) se ve especialmente afectada, y no es [&hellip;]\" \/>\n<meta property=\"og:url\" content=\"https:\/\/www.modaliabeauty.com\/es\/2025\/07\/18\/piel-del-rostro-granulada-causas-y-soluciones\/\" \/>\n<meta property=\"og:site_name\" content=\"ModaliaBelleza\" \/>\n<meta property=\"article:published_time\" content=\"2025-07-18T00:00:00+00:00\" \/>\n<meta property=\"article:modified_time\" content=\"2025-11-27T12:31:40+00:00\" \/>\n<meta property=\"og:image\" content=\"https:\/\/www.modaliabeauty.com\/wp-content\/uploads\/2025\/07\/pTONgIMAXgb54U4yypoBh_d51edd2e457b4b34b503ff72942fbf6a-scaled.jpg\" \/>\n\t<meta property=\"og:image:width\" content=\"2560\" \/>\n\t<meta property=\"og:image:height\" content=\"1429\" \/>\n\t<meta property=\"og:image:type\" content=\"image\/jpeg\" \/>\n<meta name=\"author\" content=\"modaliabeauty\" \/>\n<meta name=\"twitter:card\" content=\"summary_large_image\" \/>\n<meta name=\"twitter:label1\" content=\"Escrito por\" \/>\n\t<meta name=\"twitter:data1\" content=\"modaliabeauty\" \/>\n\t<meta name=\"twitter:label2\" content=\"Tiempo de lectura\" \/>\n\t<meta name=\"twitter:data2\" content=\"3 minutos\" \/>\n<script type=\"application\/ld+json\" class=\"yoast-schema-graph\">{\"@context\":\"https:\/\/schema.org\",\"@graph\":[{\"@type\":\"WebPage\",\"@id\":\"https:\/\/www.modaliabeauty.com\/es\/2025\/07\/18\/piel-del-rostro-granulada-causas-y-soluciones\/\",\"url\":\"https:\/\/www.modaliabeauty.com\/es\/2025\/07\/18\/piel-del-rostro-granulada-causas-y-soluciones\/\",\"name\":\"Piel del rostro granulada: causas y soluciones - %\",\"isPartOf\":{\"@id\":\"https:\/\/www.modaliabeauty.com\/es\/#website\"},\"primaryImageOfPage\":{\"@id\":\"https:\/\/www.modaliabeauty.com\/es\/2025\/07\/18\/piel-del-rostro-granulada-causas-y-soluciones\/#primaryimage\"},\"image\":{\"@id\":\"https:\/\/www.modaliabeauty.com\/es\/2025\/07\/18\/piel-del-rostro-granulada-causas-y-soluciones\/#primaryimage\"},\"thumbnailUrl\":\"https:\/\/www.modaliabeauty.com\/wp-content\/uploads\/2025\/07\/pTONgIMAXgb54U4yypoBh_d51edd2e457b4b34b503ff72942fbf6a-scaled.jpg\",\"datePublished\":\"2025-07-18T00:00:00+00:00\",\"dateModified\":\"2025-11-27T12:31:40+00:00\",\"author\":{\"@id\":\"https:\/\/www.modaliabeauty.com\/es\/#\/schema\/person\/a8928f14ac18bcb71644bc4b521f10b9\"},\"breadcrumb\":{\"@id\":\"https:\/\/www.modaliabeauty.com\/es\/2025\/07\/18\/piel-del-rostro-granulada-causas-y-soluciones\/#breadcrumb\"},\"inLanguage\":\"es\",\"potentialAction\":[{\"@type\":\"ReadAction\",\"target\":[\"https:\/\/www.modaliabeauty.com\/es\/2025\/07\/18\/piel-del-rostro-granulada-causas-y-soluciones\/\"]}]},{\"@type\":\"ImageObject\",\"inLanguage\":\"es\",\"@id\":\"https:\/\/www.modaliabeauty.com\/es\/2025\/07\/18\/piel-del-rostro-granulada-causas-y-soluciones\/#primaryimage\",\"url\":\"https:\/\/www.modaliabeauty.com\/wp-content\/uploads\/2025\/07\/pTONgIMAXgb54U4yypoBh_d51edd2e457b4b34b503ff72942fbf6a-scaled.jpg\",\"contentUrl\":\"https:\/\/www.modaliabeauty.com\/wp-content\/uploads\/2025\/07\/pTONgIMAXgb54U4yypoBh_d51edd2e457b4b34b503ff72942fbf6a-scaled.jpg\",\"width\":2560,\"height\":1429},{\"@type\":\"BreadcrumbList\",\"@id\":\"https:\/\/www.modaliabeauty.com\/es\/2025\/07\/18\/piel-del-rostro-granulada-causas-y-soluciones\/#breadcrumb\",\"itemListElement\":[{\"@type\":\"ListItem\",\"position\":1,\"name\":\"Inicio\",\"item\":\"https:\/\/www.modaliabeauty.com\/es\/modaliabeauty\/\"},{\"@type\":\"ListItem\",\"position\":2,\"name\":\"Piel del rostro granulada: causas y soluciones\"}]},{\"@type\":\"WebSite\",\"@id\":\"https:\/\/www.modaliabeauty.com\/es\/#website\",\"url\":\"https:\/\/www.modaliabeauty.com\/es\/\",\"name\":\"ModaliaBelleza\",\"description\":\"Mi blog de WordPress\",\"potentialAction\":[{\"@type\":\"SearchAction\",\"target\":{\"@type\":\"EntryPoint\",\"urlTemplate\":\"https:\/\/www.modaliabeauty.com\/es\/?s={search_term_string}\"},\"query-input\":{\"@type\":\"PropertyValueSpecification\",\"valueRequired\":true,\"valueName\":\"search_term_string\"}}],\"inLanguage\":\"es\"},{\"@type\":\"Person\",\"@id\":\"https:\/\/www.modaliabeauty.com\/es\/#\/schema\/person\/a8928f14ac18bcb71644bc4b521f10b9\",\"name\":\"modaliabeauty\",\"image\":{\"@type\":\"ImageObject\",\"inLanguage\":\"es\",\"@id\":\"https:\/\/www.modaliabeauty.com\/es\/#\/schema\/person\/image\/\",\"url\":\"https:\/\/secure.gravatar.com\/avatar\/190b88cc31688807ddcd920838742c5ed0949ff7fa6dc5d70a5bdfdf451d80bf?s=96&d=mm&r=g\",\"contentUrl\":\"https:\/\/secure.gravatar.com\/avatar\/190b88cc31688807ddcd920838742c5ed0949ff7fa6dc5d70a5bdfdf451d80bf?s=96&d=mm&r=g\",\"caption\":\"modaliabeauty\"},\"sameAs\":[\"https:\/\/www.modaliabeauty.com\"],\"url\":\"https:\/\/www.modaliabeauty.com\/es\/author\/modaliabeauty\/\"}]}<\/script>\n<!-- \/ Yoast SEO plugin. -->","yoast_head_json":{"title":"Piel del rostro granulada: causas y soluciones - %","robots":{"index":"index","follow":"follow","max-snippet":"max-snippet:-1","max-image-preview":"max-image-preview:large","max-video-preview":"max-video-preview:-1"},"canonical":"https:\/\/www.modaliabeauty.com\/es\/2025\/07\/18\/piel-del-rostro-granulada-causas-y-soluciones\/","og_locale":"es_ES","og_type":"article","og_title":"Piel del rostro granulada: causas y soluciones - %","og_description":"\u00bfTu rostro se ha vuelto \u00e1spero, con molestas irregularidades? Averigua qu\u00e9 lo provoca y qu\u00e9 puedes hacer para recuperar una piel lisa y suave cada d\u00eda. \u00bfPor qu\u00e9 tengo la cara granulada? La piel granulosa no aparece porque s\u00ed. La zona T de tu rostro (frente, nariz, barbilla) se ve especialmente afectada, y no es [&hellip;]","og_url":"https:\/\/www.modaliabeauty.com\/es\/2025\/07\/18\/piel-del-rostro-granulada-causas-y-soluciones\/","og_site_name":"ModaliaBelleza","article_published_time":"2025-07-18T00:00:00+00:00","article_modified_time":"2025-11-27T12:31:40+00:00","og_image":[{"width":2560,"height":1429,"url":"https:\/\/www.modaliabeauty.com\/wp-content\/uploads\/2025\/07\/pTONgIMAXgb54U4yypoBh_d51edd2e457b4b34b503ff72942fbf6a-scaled.jpg","type":"image\/jpeg"}],"author":"modaliabeauty","twitter_card":"summary_large_image","twitter_misc":{"Escrito por":"modaliabeauty","Tiempo de lectura":"3 minutos"},"schema":{"@context":"https:\/\/schema.org","@graph":[{"@type":"WebPage","@id":"https:\/\/www.modaliabeauty.com\/es\/2025\/07\/18\/piel-del-rostro-granulada-causas-y-soluciones\/","url":"https:\/\/www.modaliabeauty.com\/es\/2025\/07\/18\/piel-del-rostro-granulada-causas-y-soluciones\/","name":"Piel del rostro granulada: causas y soluciones - %","isPartOf":{"@id":"https:\/\/www.modaliabeauty.com\/es\/#website"},"primaryImageOfPage":{"@id":"https:\/\/www.modaliabeauty.com\/es\/2025\/07\/18\/piel-del-rostro-granulada-causas-y-soluciones\/#primaryimage"},"image":{"@id":"https:\/\/www.modaliabeauty.com\/es\/2025\/07\/18\/piel-del-rostro-granulada-causas-y-soluciones\/#primaryimage"},"thumbnailUrl":"https:\/\/www.modaliabeauty.com\/wp-content\/uploads\/2025\/07\/pTONgIMAXgb54U4yypoBh_d51edd2e457b4b34b503ff72942fbf6a-scaled.jpg","datePublished":"2025-07-18T00:00:00+00:00","dateModified":"2025-11-27T12:31:40+00:00","author":{"@id":"https:\/\/www.modaliabeauty.com\/es\/#\/schema\/person\/a8928f14ac18bcb71644bc4b521f10b9"},"breadcrumb":{"@id":"https:\/\/www.modaliabeauty.com\/es\/2025\/07\/18\/piel-del-rostro-granulada-causas-y-soluciones\/#breadcrumb"},"inLanguage":"es","potentialAction":[{"@type":"ReadAction","target":["https:\/\/www.modaliabeauty.com\/es\/2025\/07\/18\/piel-del-rostro-granulada-causas-y-soluciones\/"]}]},{"@type":"ImageObject","inLanguage":"es","@id":"https:\/\/www.modaliabeauty.com\/es\/2025\/07\/18\/piel-del-rostro-granulada-causas-y-soluciones\/#primaryimage","url":"https:\/\/www.modaliabeauty.com\/wp-content\/uploads\/2025\/07\/pTONgIMAXgb54U4yypoBh_d51edd2e457b4b34b503ff72942fbf6a-scaled.jpg","contentUrl":"https:\/\/www.modaliabeauty.com\/wp-content\/uploads\/2025\/07\/pTONgIMAXgb54U4yypoBh_d51edd2e457b4b34b503ff72942fbf6a-scaled.jpg","width":2560,"height":1429},{"@type":"BreadcrumbList","@id":"https:\/\/www.modaliabeauty.com\/es\/2025\/07\/18\/piel-del-rostro-granulada-causas-y-soluciones\/#breadcrumb","itemListElement":[{"@type":"ListItem","position":1,"name":"Inicio","item":"https:\/\/www.modaliabeauty.com\/es\/modaliabeauty\/"},{"@type":"ListItem","position":2,"name":"Piel del rostro granulada: causas y soluciones"}]},{"@type":"WebSite","@id":"https:\/\/www.modaliabeauty.com\/es\/#website","url":"https:\/\/www.modaliabeauty.com\/es\/","name":"ModaliaBelleza","description":"Mi blog de WordPress","potentialAction":[{"@type":"SearchAction","target":{"@type":"EntryPoint","urlTemplate":"https:\/\/www.modaliabeauty.com\/es\/?s={search_term_string}"},"query-input":{"@type":"PropertyValueSpecification","valueRequired":true,"valueName":"search_term_string"}}],"inLanguage":"es"},{"@type":"Person","@id":"https:\/\/www.modaliabeauty.com\/es\/#\/schema\/person\/a8928f14ac18bcb71644bc4b521f10b9","name":"modaliabeauty","image":{"@type":"ImageObject","inLanguage":"es","@id":"https:\/\/www.modaliabeauty.com\/es\/#\/schema\/person\/image\/","url":"https:\/\/secure.gravatar.com\/avatar\/190b88cc31688807ddcd920838742c5ed0949ff7fa6dc5d70a5bdfdf451d80bf?s=96&d=mm&r=g","contentUrl":"https:\/\/secure.gravatar.com\/avatar\/190b88cc31688807ddcd920838742c5ed0949ff7fa6dc5d70a5bdfdf451d80bf?s=96&d=mm&r=g","caption":"modaliabeauty"},"sameAs":["https:\/\/www.modaliabeauty.com"],"url":"https:\/\/www.modaliabeauty.com\/es\/author\/modaliabeauty\/"}]}},"_links":{"self":[{"href":"https:\/\/www.modaliabeauty.com\/es\/wp-json\/wp\/v2\/posts\/757","targetHints":{"allow":["GET"]}}],"collection":[{"href":"https:\/\/www.modaliabeauty.com\/es\/wp-json\/wp\/v2\/posts"}],"about":[{"href":"https:\/\/www.modaliabeauty.com\/es\/wp-json\/wp\/v2\/types\/post"}],"author":[{"embeddable":true,"href":"https:\/\/www.modaliabeauty.com\/es\/wp-json\/wp\/v2\/users\/1"}],"replies":[{"embeddable":true,"href":"https:\/\/www.modaliabeauty.com\/es\/wp-json\/wp\/v2\/comments?post=757"}],"version-history":[{"count":1,"href":"https:\/\/www.modaliabeauty.com\/es\/wp-json\/wp\/v2\/posts\/757\/revisions"}],"predecessor-version":[{"id":783,"href":"https:\/\/www.modaliabeauty.com\/es\/wp-json\/wp\/v2\/posts\/757\/revisions\/783"}],"wp:featuredmedia":[{"embeddable":true,"href":"https:\/\/www.modaliabeauty.com\/es\/wp-json\/wp\/v2\/media\/758"}],"wp:attachment":[{"href":"https:\/\/www.modaliabeauty.com\/es\/wp-json\/wp\/v2\/media?parent=757"}],"wp:term":[{"taxonomy":"category","embeddable":true,"href":"https:\/\/www.modaliabeauty.com\/es\/wp-json\/wp\/v2\/categories?post=757"},{"taxonomy":"post_tag","embeddable":true,"href":"https:\/\/www.modaliabeauty.com\/es\/wp-json\/wp\/v2\/tags?post=757"}],"curies":[{"name":"wp","href":"https:\/\/api.w.org\/{rel}","templated":true}]}}